{"id":14701,"date":"2025-11-11T19:43:52","date_gmt":"2025-11-11T18:43:52","guid":{"rendered":"https:\/\/steanne-erbray.fr\/?p=14701"},"modified":"2025-11-11T20:02:21","modified_gmt":"2025-11-11T19:02:21","slug":"journee-contre-le-harcelement-a-lecole","status":"publish","type":"post","link":"https:\/\/steanne-erbray.fr\/?p=14701","title":{"rendered":"Journ\u00e9e contre le harc\u00e8lement \u00e0 l&#8217;\u00e9cole"},"content":{"rendered":"<p>Ce jeudi 6 novembre, l\u2019\u00e9cole Sainte-Anne a pass\u00e9 une journ\u00e9e \u00ab tous en vert \u00bb, afin de lutter contre le harc\u00e8lement scolaire\u00a0Tous les enfants de l&#8217;\u00e9cole avaient un ou plusieurs v\u00eatement(s) vert(s) afin d&#8217;apporter un soutien symbolique \u00e0 la lutte contre le harc\u00e8lement sous toutes ses formes.<br \/>\nL&#8217;occasion de parler sur le sujet et de r\u00e9fl\u00e9chir ensemble \u00e0 des solutions&#8230;<\/p>\n<p><a href=\"https:\/\/steanne-erbray.fr\/wp-content\/uploads\/2025\/11\/IMG-20251106-WA0014.jpg\"><img loading=\"lazy\" decoding=\"async\" class=\"alignnone size-medium wp-image-14702\" src=\"https:\/\/steanne-erbray.fr\/wp-content\/uploads\/2025\/11\/IMG-20251106-WA0014-300x225.jpg\" alt=\"\" width=\"300\" height=\"225\" srcset=\"https:\/\/steanne-erbray.fr\/wp-content\/uploads\/2025\/11\/IMG-20251106-WA0014-300x225.jpg 300w, https:\/\/steanne-erbray.fr\/wp-content\/uploads\/2025\/11\/IMG-20251106-WA0014-1024x768.jpg 1024w, https:\/\/steanne-erbray.fr\/wp-content\/uploads\/2025\/11\/IMG-20251106-WA0014-768x576.jpg 768w, https:\/\/steanne-erbray.fr\/wp-content\/uploads\/2025\/11\/IMG-20251106-WA0014-1536x1152.jpg 1536w, https:\/\/steanne-erbray.fr\/wp-content\/uploads\/2025\/11\/IMG-20251106-WA0014-1440x1080.jpg 1440w, https:\/\/steanne-erbray.fr\/wp-content\/uploads\/2025\/11\/IMG-20251106-WA0014.jpg 2048w\" sizes=\"(max-width: 300px) 100vw, 300px\" \/><\/a><\/p>\n<p><a href=\"https:\/\/steanne-erbray.fr\/wp-content\/uploads\/2025\/11\/IMG-20251106-WA0016.jpg\"><img loading=\"lazy\" decoding=\"async\" class=\"alignnone size-medium wp-image-14716\" src=\"https:\/\/steanne-erbray.fr\/wp-content\/uploads\/2025\/11\/IMG-20251106-WA0016-300x169.jpg\" alt=\"\" width=\"300\" height=\"169\" srcset=\"https:\/\/steanne-erbray.fr\/wp-content\/uploads\/2025\/11\/IMG-20251106-WA0016-300x169.jpg 300w, https:\/\/steanne-erbray.fr\/wp-content\/uploads\/2025\/11\/IMG-20251106-WA0016-1024x576.jpg 1024w, https:\/\/steanne-erbray.fr\/wp-content\/uploads\/2025\/11\/IMG-20251106-WA0016-768x432.jpg 768w, https:\/\/steanne-erbray.fr\/wp-content\/uploads\/2025\/11\/IMG-20251106-WA0016-1536x864.jpg 1536w, https:\/\/steanne-erbray.fr\/wp-content\/uploads\/2025\/11\/IMG-20251106-WA0016.jpg 1600w\" sizes=\"(max-width: 300px) 100vw, 300px\" \/><\/a><\/p>\n<p><a href=\"https:\/\/steanne-erbray.fr\/wp-content\/uploads\/2025\/11\/IMG-20251106-WA0011.jpg\"><img loading=\"lazy\" decoding=\"async\" class=\"alignnone size-medium wp-image-14706\" src=\"https:\/\/steanne-erbray.fr\/wp-content\/uploads\/2025\/11\/IMG-20251106-WA0011-300x225.jpg\" alt=\"\" width=\"300\" height=\"225\" srcset=\"https:\/\/steanne-erbray.fr\/wp-content\/uploads\/2025\/11\/IMG-20251106-WA0011-300x225.jpg 300w, https:\/\/steanne-erbray.fr\/wp-content\/uploads\/2025\/11\/IMG-20251106-WA0011-1024x768.jpg 1024w, https:\/\/steanne-erbray.fr\/wp-content\/uploads\/2025\/11\/IMG-20251106-WA0011-768x576.jpg 768w, https:\/\/steanne-erbray.fr\/wp-content\/uploads\/2025\/11\/IMG-20251106-WA0011-1536x1152.jpg 1536w, https:\/\/steanne-erbray.fr\/wp-content\/uploads\/2025\/11\/IMG-20251106-WA0011-1440x1080.jpg 1440w, https:\/\/steanne-erbray.fr\/wp-content\/uploads\/2025\/11\/IMG-20251106-WA0011.jpg 2048w\" sizes=\"(max-width: 300px) 100vw, 300px\" \/><\/a><\/p>\n<p><a href=\"https:\/\/steanne-erbray.fr\/wp-content\/uploads\/2025\/11\/IMG-20251106-WA0021.jpg\"><img loading=\"lazy\" decoding=\"async\" class=\"alignnone size-medium wp-image-14704\" src=\"https:\/\/steanne-erbray.fr\/wp-content\/uploads\/2025\/11\/IMG-20251106-WA0021-300x225.jpg\" alt=\"\" width=\"300\" height=\"225\" srcset=\"https:\/\/steanne-erbray.fr\/wp-content\/uploads\/2025\/11\/IMG-20251106-WA0021-300x225.jpg 300w, https:\/\/steanne-erbray.fr\/wp-content\/uploads\/2025\/11\/IMG-20251106-WA0021-1024x768.jpg 1024w, https:\/\/steanne-erbray.fr\/wp-content\/uploads\/2025\/11\/IMG-20251106-WA0021-768x576.jpg 768w, https:\/\/steanne-erbray.fr\/wp-content\/uploads\/2025\/11\/IMG-20251106-WA0021-1536x1152.jpg 1536w, https:\/\/steanne-erbray.fr\/wp-content\/uploads\/2025\/11\/IMG-20251106-WA0021-1440x1080.jpg 1440w, https:\/\/steanne-erbray.fr\/wp-content\/uploads\/2025\/11\/IMG-20251106-WA0021.jpg 1600w\" sizes=\"(max-width: 300px) 100vw, 300px\" \/><\/a><\/p>\n<p style=\"text-align: right\"><a href=\"https:\/\/steanne-erbray.fr\/wp-content\/uploads\/2025\/11\/IMG-20251106-WA0022.jpg\"><img loading=\"lazy\" decoding=\"async\" class=\"alignnone size-medium wp-image-14705\" src=\"https:\/\/steanne-erbray.fr\/wp-content\/uploads\/2025\/11\/IMG-20251106-WA0022-225x300.jpg\" alt=\"\" width=\"225\" height=\"300\" srcset=\"https:\/\/steanne-erbray.fr\/wp-content\/uploads\/2025\/11\/IMG-20251106-WA0022-225x300.jpg 225w, https:\/\/steanne-erbray.fr\/wp-content\/uploads\/2025\/11\/IMG-20251106-WA0022-768x1024.jpg 768w, https:\/\/steanne-erbray.fr\/wp-content\/uploads\/2025\/11\/IMG-20251106-WA0022-1152x1536.jpg 1152w, https:\/\/steanne-erbray.fr\/wp-content\/uploads\/2025\/11\/IMG-20251106-WA0022-1024x1365.jpg 1024w, https:\/\/steanne-erbray.fr\/wp-content\/uploads\/2025\/11\/IMG-20251106-WA0022-810x1080.jpg 810w, https:\/\/steanne-erbray.fr\/wp-content\/uploads\/2025\/11\/IMG-20251106-WA0022.jpg 1200w\" sizes=\"(max-width: 225px) 100vw, 225px\" \/><\/a><\/p>\n<p><a href=\"https:\/\/steanne-erbray.fr\/wp-content\/uploads\/2025\/11\/IMG-20251103-WA0001.jpg\"><img loading=\"lazy\" decoding=\"async\" class=\"alignnone size-medium wp-image-14707\" src=\"https:\/\/steanne-erbray.fr\/wp-content\/uploads\/2025\/11\/IMG-20251103-WA0001-212x300.jpg\" alt=\"\" width=\"212\" height=\"300\" srcset=\"https:\/\/steanne-erbray.fr\/wp-content\/uploads\/2025\/11\/IMG-20251103-WA0001-212x300.jpg 212w, https:\/\/steanne-erbray.fr\/wp-content\/uploads\/2025\/11\/IMG-20251103-WA0001-724x1024.jpg 724w, https:\/\/steanne-erbray.fr\/wp-content\/uploads\/2025\/11\/IMG-20251103-WA0001-768x1086.jpg 768w, https:\/\/steanne-erbray.fr\/wp-content\/uploads\/2025\/11\/IMG-20251103-WA0001-1086x1536.jpg 1086w, https:\/\/steanne-erbray.fr\/wp-content\/uploads\/2025\/11\/IMG-20251103-WA0001-1024x1449.jpg 1024w, https:\/\/steanne-erbray.fr\/wp-content\/uploads\/2025\/11\/IMG-20251103-WA0001-763x1080.jpg 763w, https:\/\/steanne-erbray.fr\/wp-content\/uploads\/2025\/11\/IMG-20251103-WA0001.jpg 1131w\" sizes=\"(max-width: 212px) 100vw, 212px\" \/><\/a><\/p>\n","protected":false},"excerpt":{"rendered":"<p>Ce jeudi 6 novembre, l\u2019\u00e9cole Sainte-Anne a pass\u00e9 une journ\u00e9e \u00ab tous en vert \u00bb, afin de lutter contre le harc\u00e8lement scolaire\u00a0Tous les enfants de l&#8217;\u00e9cole avaient un ou plusieurs v\u00eatement(s) vert(s) afin d&#8217;apporter un soutien symbolique \u00e0 la lutte contre le harc\u00e8lement sous toutes ses formes. L&#8217;occasion de parler sur le sujet et de&hellip; <br \/> <a class=\"read-more\" href=\"https:\/\/steanne-erbray.fr\/?p=14701\">Lire la suite<\/a><\/p>\n","protected":false},"author":5,"featured_media":14705,"comment_status":"closed","ping_status":"closed","sticky":false,"template":"","format":"standard","meta":{"ngg_post_thumbnail":0,"footnotes":""},"categories":[5,4,6,7],"tags":[],"_links":{"self":[{"href":"https:\/\/steanne-erbray.fr\/index.php?rest_route=\/wp\/v2\/posts\/14701"}],"collection":[{"href":"https:\/\/steanne-erbray.fr\/index.php?rest_route=\/wp\/v2\/posts"}],"about":[{"href":"https:\/\/steanne-erbray.fr\/index.php?rest_route=\/wp\/v2\/types\/post"}],"author":[{"embeddable":true,"href":"https:\/\/steanne-erbray.fr\/index.php?rest_route=\/wp\/v2\/users\/5"}],"replies":[{"embeddable":true,"href":"https:\/\/steanne-erbray.fr\/index.php?rest_route=%2Fwp%2Fv2%2Fcomments&post=14701"}],"version-history":[{"count":3,"href":"https:\/\/steanne-erbray.fr\/index.php?rest_route=\/wp\/v2\/posts\/14701\/revisions"}],"predecessor-version":[{"id":14717,"href":"https:\/\/steanne-erbray.fr\/index.php?rest_route=\/wp\/v2\/posts\/14701\/revisions\/14717"}],"wp:featuredmedia":[{"embeddable":true,"href":"https:\/\/steanne-erbray.fr\/index.php?rest_route=\/wp\/v2\/media\/14705"}],"wp:attachment":[{"href":"https:\/\/steanne-erbray.fr\/index.php?rest_route=%2Fwp%2Fv2%2Fmedia&parent=14701"}],"wp:term":[{"taxonomy":"category","embeddable":true,"href":"https:\/\/steanne-erbray.fr\/index.php?rest_route=%2Fwp%2Fv2%2Fcategories&post=14701"},{"taxonomy":"post_tag","embeddable":true,"href":"https:\/\/steanne-erbray.fr\/index.php?rest_route=%2Fwp%2Fv2%2Ftags&post=14701"}],"curies":[{"name":"wp","href":"https:\/\/api.w.org\/{rel}","templated":true}]}}