{"id":14946,"date":"2026-01-21T14:26:26","date_gmt":"2026-01-21T13:26:26","guid":{"rendered":"https:\/\/steanne-erbray.fr\/?p=14946"},"modified":"2026-01-21T14:26:26","modified_gmt":"2026-01-21T13:26:26","slug":"les-cm2-futurs-collegiens","status":"publish","type":"post","link":"https:\/\/steanne-erbray.fr\/?p=14946","title":{"rendered":"Les CM2 : futurs coll\u00e9giens"},"content":{"rendered":"<p>Vendredi 16 janvier, Mme Caharel, directrice adjointe du coll\u00e8ge Saint Joseph de Ch\u00e2teaubriant, est venue dans notre classe pr\u00e9senter aux \u00e9l\u00e8ves de CM2 l&#8217;organisation de la vie au coll\u00e8ge et plus particuli\u00e8rement celle de la classe de sixi\u00e8me. Les enfants ont pu poser leurs questions et se mettre en projet pour leur journ\u00e9e d&#8217;int\u00e9gration au coll\u00e8ge le mardi 10 f\u00e9vrier. Une belle occasion pour d\u00e9couvrir concr\u00e8tement \u00e0 quoi ressemble une journ\u00e9e dans les murs du coll\u00e8ge.<\/p>\n\n\t\t<style type=\"text\/css\">\n\t\t\t#gallery-1 {\n\t\t\t\tmargin: auto;\n\t\t\t}\n\t\t\t#gallery-1 .gallery-item {\n\t\t\t\tfloat: left;\n\t\t\t\tmargin-top: 10px;\n\t\t\t\ttext-align: center;\n\t\t\t\twidth: 33%;\n\t\t\t}\n\t\t\t#gallery-1 img {\n\t\t\t\tborder: 2px solid #cfcfcf;\n\t\t\t}\n\t\t\t#gallery-1 .gallery-caption {\n\t\t\t\tmargin-left: 0;\n\t\t\t}\n\t\t\t\/* see gallery_shortcode() in wp-includes\/media.php *\/\n\t\t<\/style>\n\t\t<div id='gallery-1' class='gallery galleryid-14946 gallery-columns-3 gallery-size-thumbnail'><dl class='gallery-item'>\n\t\t\t<dt class='gallery-icon portrait'>\n\t\t\t\t<a href='https:\/\/steanne-erbray.fr\/?attachment_id=14947'><img loading=\"lazy\" decoding=\"async\" width=\"150\" height=\"150\" src=\"https:\/\/steanne-erbray.fr\/wp-content\/uploads\/2026\/01\/IMG_20260116_155118-150x150.jpg\" class=\"attachment-thumbnail size-thumbnail\" alt=\"\" \/><\/a>\n\t\t\t<\/dt><\/dl><dl class='gallery-item'>\n\t\t\t<dt class='gallery-icon portrait'>\n\t\t\t\t<a href='https:\/\/steanne-erbray.fr\/?attachment_id=14948'><img loading=\"lazy\" decoding=\"async\" width=\"150\" height=\"150\" src=\"https:\/\/steanne-erbray.fr\/wp-content\/uploads\/2026\/01\/Journee-dintegration-CM2-1-150x150.png\" class=\"attachment-thumbnail size-thumbnail\" alt=\"\" \/><\/a>\n\t\t\t<\/dt><\/dl>\n\t\t\t<br style='clear: both' \/>\n\t\t<\/div>\n\n","protected":false},"excerpt":{"rendered":"<p>Vendredi 16 janvier, Mme Caharel, directrice adjointe du coll\u00e8ge Saint Joseph de Ch\u00e2teaubriant, est venue dans notre classe pr\u00e9senter aux \u00e9l\u00e8ves de CM2 l&#8217;organisation de la vie au coll\u00e8ge et plus particuli\u00e8rement celle de la classe de sixi\u00e8me. Les enfants ont pu poser leurs questions et se mettre en projet pour leur journ\u00e9e d&#8217;int\u00e9gration au&hellip; <br \/> <a class=\"read-more\" href=\"https:\/\/steanne-erbray.fr\/?p=14946\">Lire la suite<\/a><\/p>\n","protected":false},"author":5,"featured_media":14948,"comment_status":"closed","ping_status":"closed","sticky":false,"template":"","format":"standard","meta":{"ngg_post_thumbnail":0,"footnotes":""},"categories":[4],"tags":[],"_links":{"self":[{"href":"https:\/\/steanne-erbray.fr\/index.php?rest_route=\/wp\/v2\/posts\/14946"}],"collection":[{"href":"https:\/\/steanne-erbray.fr\/index.php?rest_route=\/wp\/v2\/posts"}],"about":[{"href":"https:\/\/steanne-erbray.fr\/index.php?rest_route=\/wp\/v2\/types\/post"}],"author":[{"embeddable":true,"href":"https:\/\/steanne-erbray.fr\/index.php?rest_route=\/wp\/v2\/users\/5"}],"replies":[{"embeddable":true,"href":"https:\/\/steanne-erbray.fr\/index.php?rest_route=%2Fwp%2Fv2%2Fcomments&post=14946"}],"version-history":[{"count":1,"href":"https:\/\/steanne-erbray.fr\/index.php?rest_route=\/wp\/v2\/posts\/14946\/revisions"}],"predecessor-version":[{"id":14949,"href":"https:\/\/steanne-erbray.fr\/index.php?rest_route=\/wp\/v2\/posts\/14946\/revisions\/14949"}],"wp:featuredmedia":[{"embeddable":true,"href":"https:\/\/steanne-erbray.fr\/index.php?rest_route=\/wp\/v2\/media\/14948"}],"wp:attachment":[{"href":"https:\/\/steanne-erbray.fr\/index.php?rest_route=%2Fwp%2Fv2%2Fmedia&parent=14946"}],"wp:term":[{"taxonomy":"category","embeddable":true,"href":"https:\/\/steanne-erbray.fr\/index.php?rest_route=%2Fwp%2Fv2%2Fcategories&post=14946"},{"taxonomy":"post_tag","embeddable":true,"href":"https:\/\/steanne-erbray.fr\/index.php?rest_route=%2Fwp%2Fv2%2Ftags&post=14946"}],"curies":[{"name":"wp","href":"https:\/\/api.w.org\/{rel}","templated":true}]}}